{"id":274,"date":"2021-09-08T13:07:36","date_gmt":"2021-09-08T11:07:36","guid":{"rendered":"http:\/\/choke.fr\/?p=274"},"modified":"2022-12-13T19:20:53","modified_gmt":"2022-12-13T18:20:53","slug":"montagnes","status":"publish","type":"post","link":"https:\/\/choke.fr\/index.php\/2021\/09\/08\/montagnes\/","title":{"rendered":"MONTAGNES"},"content":{"rendered":"\n<figure class=\"wp-block-image\"><img loading=\"lazy\" width=\"1820\" height=\"1024\" src=\"http:\/\/choke.fr\/wp-content\/uploads\/2022\/03\/MONTAGNES-TEASER6-1820x1024.jpg\" alt=\"\" class=\"wp-image-306\" srcset=\"https:\/\/choke.fr\/wp-content\/uploads\/2022\/03\/MONTAGNES-TEASER6-1820x1024.jpg 1820w, https:\/\/choke.fr\/wp-content\/uploads\/2022\/03\/MONTAGNES-TEASER6-300x169.jpg 300w, https:\/\/choke.fr\/wp-content\/uploads\/2022\/03\/MONTAGNES-TEASER6-768x432.jpg 768w, https:\/\/choke.fr\/wp-content\/uploads\/2022\/03\/MONTAGNES-TEASER6.jpg 1920w\" sizes=\"(max-width: 1820px) 100vw, 1820px\" \/><\/figure>\n\n\n\n<p>cr\u00e9ation de Ruppert Pupkin &amp; Sarah J\u00e9r\u00f4me<\/p>\n\n\n\n<p class=\"has-text-align-left\">La plasticienne Sarah J\u00e9rome et la musicienne Ruppert Pupkin se retrouvent \u00e0 nouveau au plateau pour soulever des <strong>MONTAGNES<\/strong>. <\/p>\n\n\n\n<p>Rendez-Vous :<\/p>\n\n\n\n<p><strong>1er octobre 2022<\/strong> &#8211; MONTAGNES performance ## &#8211; la Commanderie de Saint-Quentin en Yvelines<\/p>\n\n\n\n<p><strong>28 f\u00e9vrier et 1er mars 2023<\/strong> &#8211; MONTAGNES cr\u00e9ation &#8211; Com\u00e9die de Colmar &#8211; Centre Dramatique National du Grand-Est<\/p>\n\n\n\n<p><strong>F\u00e9vrier &#8211; Mai 2024 <\/strong>&#8211; Tourn\u00e9e MONTAGNES<\/p>\n\n\n\n<p>Sc\u00e8ne Nationale de Dieppe<\/p>\n\n\n\n<p>L&rsquo;Escapade de H\u00e9nin-Beaumont<\/p>\n\n\n\n<p>Le Meta &#8211; CDN de Poitiers<\/p>\n\n\n\n<p><\/p>\n\n\n\n<figure class=\"wp-block-image\"><img loading=\"lazy\" width=\"1820\" height=\"1024\" src=\"http:\/\/choke.fr\/wp-content\/uploads\/2022\/03\/MONTAGNES-TEASER20-1820x1024.jpg\" alt=\"\" class=\"wp-image-303\" srcset=\"https:\/\/choke.fr\/wp-content\/uploads\/2022\/03\/MONTAGNES-TEASER20-1820x1024.jpg 1820w, https:\/\/choke.fr\/wp-content\/uploads\/2022\/03\/MONTAGNES-TEASER20-300x169.jpg 300w, https:\/\/choke.fr\/wp-content\/uploads\/2022\/03\/MONTAGNES-TEASER20-768x432.jpg 768w, https:\/\/choke.fr\/wp-content\/uploads\/2022\/03\/MONTAGNES-TEASER20.jpg 1920w\" sizes=\"(max-width: 1820px) 100vw, 1820px\" \/><\/figure>\n\n\n\n<p>Avec le soutien de la DRAC &#8211; \u00cele de France \/ co-productions : L&rsquo;Escapade \u00e0 H\u00e9nin Beaumont &#8211; la Com\u00e9die de Colmar &#8211; Espace d&rsquo;Art Contemporain Andr\u00e9 Malraux de Colmar \/ La Commanderie de Saint-Quentin en Yvelines<\/p>\n\n\n\n<p>En compagnonnage avec la compagnie Hippolyte a mal au coeur &#8211; Estelle Savasta<\/p>\n\n\n\n<figure class=\"wp-block-image\"><img loading=\"lazy\" width=\"1831\" height=\"1024\" src=\"http:\/\/choke.fr\/wp-content\/uploads\/2022\/03\/Capture-d\u2019\u00e9cran-2021-11-09-\u00e0-23.22.33-1831x1024.png\" alt=\"\" class=\"wp-image-310\" srcset=\"https:\/\/choke.fr\/wp-content\/uploads\/2022\/03\/Capture-d\u2019\u00e9cran-2021-11-09-\u00e0-23.22.33-1831x1024.png 1831w, https:\/\/choke.fr\/wp-content\/uploads\/2022\/03\/Capture-d\u2019\u00e9cran-2021-11-09-\u00e0-23.22.33-300x168.png 300w, https:\/\/choke.fr\/wp-content\/uploads\/2022\/03\/Capture-d\u2019\u00e9cran-2021-11-09-\u00e0-23.22.33-768x430.png 768w\" sizes=\"(max-width: 1831px) 100vw, 1831px\" \/><\/figure>\n\n\n\n<p><strong>CONCEPTION et MISE EN SC\u00c8NE : <\/strong>RUPPERT PUPKIN et SARAH J\u00c9R\u00d4ME<\/p>\n\n\n\n<p><strong>TEXTE\u00a0<\/strong>EMMANUELLE DESTREMAU\u00a0<strong>OEUVRES PLASTIQUES\u00a0<\/strong>SARAH J\u00c9ROME\u00a0<strong>MUSIQUE\u00a0<\/strong>RUPPERT PUPKIN &amp; BENOIT PERRAUDEAU<\/p>\n\n\n\n<p><strong>AVEC&nbsp;<\/strong>SARAH J\u00c9ROME, RUPPERT PUPKIN, BENOIT PERRAUDEAU<\/p>\n\n\n\n<p><strong>R\u00c9GIE G\u00c9N\u00c9RALE ET R\u00c9GIE PLATEAU&nbsp;<\/strong>: ANNE WAGNER&nbsp;<strong>CONCEPTEUR MACHINISTE&nbsp;<\/strong>: BRUNO DRILLAUD <strong>ACCESSOIRISTE&nbsp;<\/strong>: BENJAMIN HAUTIN&nbsp;<strong>CREATION LUMI\u00c8RE&nbsp;<\/strong>: BENOIT PERRAUDEAU&nbsp;<strong>R\u00c9GIE SON&nbsp;<\/strong>: LISA SARRAN <strong>CONSEIL SC\u00c9NOGRAPHIQUE&nbsp;<\/strong>: STEPHAN ZIMMERLI&nbsp;<\/p>\n\n\n\n<figure class=\"wp-block-image\"><img loading=\"lazy\" width=\"1812\" height=\"1024\" src=\"http:\/\/choke.fr\/wp-content\/uploads\/2022\/03\/Capture-d\u2019\u00e9cran-2021-11-09-\u00e0-23.23.37-1812x1024.png\" alt=\"\" class=\"wp-image-309\" srcset=\"https:\/\/choke.fr\/wp-content\/uploads\/2022\/03\/Capture-d\u2019\u00e9cran-2021-11-09-\u00e0-23.23.37-1812x1024.png 1812w, https:\/\/choke.fr\/wp-content\/uploads\/2022\/03\/Capture-d\u2019\u00e9cran-2021-11-09-\u00e0-23.23.37-300x170.png 300w, https:\/\/choke.fr\/wp-content\/uploads\/2022\/03\/Capture-d\u2019\u00e9cran-2021-11-09-\u00e0-23.23.37-768x434.png 768w\" sizes=\"(max-width: 1812px) 100vw, 1812px\" \/><\/figure>\n\n\n\n<p>Une chanteuse s&rsquo;incruste dans l&rsquo;atelier d&rsquo;une plasticienne, le temps d&rsquo;une r\u00e9p\u00e9tition, un tableau surgit. Elles cohabitent et se m\u00e9langent sans le vouloir, les mati\u00e8res s&rsquo;entrem\u00ealent.<\/p>\n\n\n\n<p><strong>Il faut juste se d\u00e9barrasser des gestes des autres qu\u2019on a accumul\u00e9s en nous.<\/strong><\/p>\n\n\n\n<p>MONTAGNES cr\u00e9\u00e9 une oeuvre mobile, vivante, changeante faite de corps et de cris, des&nbsp;gestes et de traces.<br>MONTAGNES ne r\u00e9sout rien mais donne \u00e0 voir les clins d\u2019oeil possibles.<\/p>\n\n\n\n<figure class=\"wp-block-image\"><img loading=\"lazy\" width=\"1820\" height=\"1024\" src=\"http:\/\/choke.fr\/wp-content\/uploads\/2022\/03\/MONTAGNES-TEASER32-1820x1024.jpg\" alt=\"\" class=\"wp-image-304\" srcset=\"https:\/\/choke.fr\/wp-content\/uploads\/2022\/03\/MONTAGNES-TEASER32-1820x1024.jpg 1820w, https:\/\/choke.fr\/wp-content\/uploads\/2022\/03\/MONTAGNES-TEASER32-300x169.jpg 300w, https:\/\/choke.fr\/wp-content\/uploads\/2022\/03\/MONTAGNES-TEASER32-768x432.jpg 768w, https:\/\/choke.fr\/wp-content\/uploads\/2022\/03\/MONTAGNES-TEASER32.jpg 1920w\" sizes=\"(max-width: 1820px) 100vw, 1820px\" \/><\/figure>\n\n\n\n<p><strong>Au d\u00e9but, on croit peut-\u00eatre assister \u00e0 un concert-live painting mais tr\u00e8s vite les r\u00e9cits&nbsp;<\/strong><strong>s\u2019entrem\u00ealent.<br><\/strong>La chanteuse utilise la terre de la plasticienne pour s\u2019\u00e9piler. Le coup de pinceaux d\u00e9clenche un son. L\u2019accord de guitare provoque un trait de couleur. La r\u00e9sonance d\u2019une c\u00e9ramique inspire&nbsp;une chanson.<\/p>\n\n\n\n<p>La plasticienne arrache la gueule de sa statue qui incarnait pourtant un amoureux possible. La&nbsp;chanteuse cherche le moelleux des gens alors qu\u2019on est cach\u00e9s dans des carapaces. L\u2019armure apparait sur le plateau, en c\u00e9ramique et devient un nouveau personnage avec qui jouer. Les phrases de l\u2019une et de l\u2019autre s\u2019entrem\u00ealent comme si elles se racontaient des histoires. Comme si nous \u00e9tions tous des r\u00e9servoirs \u00e0 histoires pas encore dig\u00e9r\u00e9es et qu\u2019il fallait bien les raconter un jour pour s\u2019en d\u00e9livrer.<\/p>\n\n\n\n<figure class=\"wp-block-image\"><img loading=\"lazy\" width=\"1823\" height=\"1024\" src=\"http:\/\/choke.fr\/wp-content\/uploads\/2022\/03\/Capture-d\u2019\u00e9cran-2021-11-09-\u00e0-23.20.00-1823x1024.png\" alt=\"\" class=\"wp-image-308\" srcset=\"https:\/\/choke.fr\/wp-content\/uploads\/2022\/03\/Capture-d\u2019\u00e9cran-2021-11-09-\u00e0-23.20.00-1823x1024.png 1823w, https:\/\/choke.fr\/wp-content\/uploads\/2022\/03\/Capture-d\u2019\u00e9cran-2021-11-09-\u00e0-23.20.00-300x169.png 300w, https:\/\/choke.fr\/wp-content\/uploads\/2022\/03\/Capture-d\u2019\u00e9cran-2021-11-09-\u00e0-23.20.00-768x431.png 768w, https:\/\/choke.fr\/wp-content\/uploads\/2022\/03\/Capture-d\u2019\u00e9cran-2021-11-09-\u00e0-23.20.00-1920x1080.png 1920w\" sizes=\"(max-width: 1823px) 100vw, 1823px\" \/><\/figure>\n\n\n\n<p><strong>Pas facile de trouver le moelleux des gens.<\/strong><\/p>\n\n\n\n<p>On cherche le mouvement et la libert\u00e9 \u00e0 l&rsquo;int\u00e9rieur des carcans qui nous sont impos\u00e9s, \u00e0 l&rsquo;image de cette femme-montagne peinte par l&rsquo;artiste pendant le spectacle.<\/p>\n\n\n\n<figure class=\"wp-block-image\"><img loading=\"lazy\" width=\"1820\" height=\"1024\" src=\"http:\/\/choke.fr\/wp-content\/uploads\/2022\/03\/MONTAGNES-TEASER45-1820x1024.jpg\" alt=\"\" class=\"wp-image-305\" srcset=\"https:\/\/choke.fr\/wp-content\/uploads\/2022\/03\/MONTAGNES-TEASER45-1820x1024.jpg 1820w, https:\/\/choke.fr\/wp-content\/uploads\/2022\/03\/MONTAGNES-TEASER45-300x169.jpg 300w, https:\/\/choke.fr\/wp-content\/uploads\/2022\/03\/MONTAGNES-TEASER45-768x432.jpg 768w, https:\/\/choke.fr\/wp-content\/uploads\/2022\/03\/MONTAGNES-TEASER45.jpg 1920w\" sizes=\"(max-width: 1820px) 100vw, 1820px\" \/><\/figure>\n\n\n\n<p><strong>\u00c7a me parait quand m\u00eame difficile de rentrer par inadvertance dans un four non ?<\/strong><\/p>\n\n\n\n<p>On s\u2019en fout de br\u00fbler.<br>Ce qui compte c\u2019est le rythme et le mouvement.<br>Celui qui surgit dans la peinture, dans la voix qui creuse la mati\u00e8re, dans les membres \u00e9parpill\u00e9s, et les corps.<\/p>\n\n\n\n<p><strong>Peut-\u00eatre que le monstre \u00e0 l\u2019int\u00e9rieur de toi peut op\u00e9rer une m\u00e9tamorphose chimique et dispara\u00eetre ou se transformer en coquelicot ?<\/strong><\/p>\n\n\n\n<p>On est disloqu\u00e9es mais on se recentre.<br>On r\u00e9invente une autre r\u00e9alit\u00e9 faite de tous ces morceaux. Et on se souvient que l\u2019ADN des arbres peut nous parler\u00a0et on danse dans les hauteurs.<br>Sur les MONTAGNES.<\/p>\n\n\n\n<figure class=\"wp-block-image\"><img loading=\"lazy\" width=\"1820\" height=\"1024\" src=\"http:\/\/choke.fr\/wp-content\/uploads\/2022\/03\/MONTAGNES-TEASER10-1820x1024.jpg\" alt=\"\" class=\"wp-image-307\" srcset=\"https:\/\/choke.fr\/wp-content\/uploads\/2022\/03\/MONTAGNES-TEASER10-1820x1024.jpg 1820w, https:\/\/choke.fr\/wp-content\/uploads\/2022\/03\/MONTAGNES-TEASER10-300x169.jpg 300w, https:\/\/choke.fr\/wp-content\/uploads\/2022\/03\/MONTAGNES-TEASER10-768x432.jpg 768w, https:\/\/choke.fr\/wp-content\/uploads\/2022\/03\/MONTAGNES-TEASER10.jpg 1920w\" sizes=\"(max-width: 1820px) 100vw, 1820px\" \/><\/figure>\n\n\n\n<p>Dans MONTAGNES se m\u00e9langent des oeuvres existantes et des oeuvres qui naitront du plateau. L\u2019oeuvre totale qui surgira sera d\u2019abord le spectacle.<br>Il devra \u00e9clore devant les spectateurs, sous leurs yeux.<br>Comme une nouvelle naissance.<\/p>\n\n\n\n<p>Aussi sale et merveilleux qu\u2019un accouchement.<\/p>\n\n\n\n<p>MONTAGNES partage aussi le besoin de rituels.<br>Si on d\u00e9monte l\u2019id\u00e9e sacrificielle souvent associ\u00e9e au f\u00e9minin, pour lui tordre le cou et d\u00e9construire les id\u00e9es re\u00e7ues sur la place et les fonctionnements de la femme, on ne refuse pas le&nbsp;rite.<br>Le rite est mati\u00e8re et rythme.<br>Il nous permet d\u2019\u00eatre ensemble et de ne pas \u00eatre broy\u00e9s.<br>C\u2019est le sens de cette performance qui ne peut se composer qu\u2019avec le public organiquement&nbsp;pr\u00e9sent.<\/p>\n","protected":false},"excerpt":{"rendered":"<p>cr\u00e9ation de Ruppert Pupkin &amp; Sarah J\u00e9r\u00f4me La plasticienne Sarah J\u00e9rome et la musicienne Ruppert Pupkin se retrouvent \u00e0 nouveau au plateau pour soulever des MONTAGNES. Rendez-Vous : 1er octobre 2022 &#8211; MONTAGNES performance ## &#8211; la Commanderie de Saint-Quentin en Yvelines 28 f\u00e9vrier et &hellip; <a href=\"https:\/\/choke.fr\/index.php\/2021\/09\/08\/montagnes\/\" class=\"more-link\"><span>Continue reading<span class=\"screen-reader-text\">MONTAGNES<\/span><\/span><\/a><\/p>\n","protected":false},"author":1,"featured_media":306,"comment_status":"closed","ping_status":"closed","sticky":false,"template":"","format":"standard","meta":[],"categories":[1],"tags":[],"_links":{"self":[{"href":"https:\/\/choke.fr\/index.php\/wp-json\/wp\/v2\/posts\/274"}],"collection":[{"href":"https:\/\/choke.fr\/index.php\/wp-json\/wp\/v2\/posts"}],"about":[{"href":"https:\/\/choke.fr\/index.php\/wp-json\/wp\/v2\/types\/post"}],"author":[{"embeddable":true,"href":"https:\/\/choke.fr\/index.php\/wp-json\/wp\/v2\/users\/1"}],"replies":[{"embeddable":true,"href":"https:\/\/choke.fr\/index.php\/wp-json\/wp\/v2\/comments?post=274"}],"version-history":[{"count":8,"href":"https:\/\/choke.fr\/index.php\/wp-json\/wp\/v2\/posts\/274\/revisions"}],"predecessor-version":[{"id":343,"href":"https:\/\/choke.fr\/index.php\/wp-json\/wp\/v2\/posts\/274\/revisions\/343"}],"wp:featuredmedia":[{"embeddable":true,"href":"https:\/\/choke.fr\/index.php\/wp-json\/wp\/v2\/media\/306"}],"wp:attachment":[{"href":"https:\/\/choke.fr\/index.php\/wp-json\/wp\/v2\/media?parent=274"}],"wp:term":[{"taxonomy":"category","embeddable":true,"href":"https:\/\/choke.fr\/index.php\/wp-json\/wp\/v2\/categories?post=274"},{"taxonomy":"post_tag","embeddable":true,"href":"https:\/\/choke.fr\/index.php\/wp-json\/wp\/v2\/tags?post=274"}],"curies":[{"name":"wp","href":"https:\/\/api.w.org\/{rel}","templated":true}]}}